{"id":733,"date":"2019-10-23T13:49:25","date_gmt":"2019-10-23T11:49:25","guid":{"rendered":"https:\/\/www.usc-dolorssabate.es\/?p=733"},"modified":"2025-02-20T17:50:37","modified_gmt":"2025-02-20T16:50:37","slug":"narrativa-alemana-de-los-siglos-xix-y-xx-2","status":"publish","type":"post","link":"https:\/\/www.usc-dolorssabate.es\/index.php\/de\/2019\/10\/23\/narrativa-alemana-de-los-siglos-xix-y-xx-2\/","title":{"rendered":"Narrativa Alemana de los siglos XIX y XX"},"content":{"rendered":"<div class=\"fusion-fullwidth fullwidth-box fusion-builder-row-1 nonhundred-percent-fullwidth non-hundred-percent-height-scrolling\" style=\"--awb-border-radius-top-left:0px;--awb-border-radius-top-right:0px;--awb-border-radius-bottom-right:0px;--awb-border-radius-bottom-left:0px;--awb-flex-wrap:wrap;\" ><div class=\"fusion-builder-row fusion-row\"><div class=\"fusion-layout-column fusion_builder_column fusion-builder-column-0 fusion_builder_column_1_2 1_2 fusion-one-half fusion-column-first\" style=\"--awb-bg-size:cover;width:50%;width:calc(50% - ( ( 4% ) * 0.5 ) );margin-right: 4%;\" data-scroll-devices=\"small-visibility,medium-visibility,large-visibility\"><div class=\"fusion-column-wrapper fusion-column-has-shadow fusion-flex-column-wrapper-legacy\"><div class=\"fusion-column-content-centered\"><div class=\"fusion-column-content\"><div class=\"fusion-image-element in-legacy-container\" style=\"--awb-caption-title-font-family:var(--h2_typography-font-family);--awb-caption-title-font-weight:var(--h2_typography-font-weight);--awb-caption-title-font-style:var(--h2_typography-font-style);--awb-caption-title-size:var(--h2_typography-font-size);--awb-caption-title-transform:var(--h2_typography-text-transform);--awb-caption-title-line-height:var(--h2_typography-line-height);--awb-caption-title-letter-spacing:var(--h2_typography-letter-spacing);\"><span class=\" fusion-imageframe imageframe-none imageframe-1 hover-type-zoomin\"><a class=\"fusion-no-lightbox\" href=\"https:\/\/www.usc-dolorssabate.es\/wp-content\/uploads\/2025\/02\/Narrativa-Sintesis-2.pdf\" target=\"_self\" aria-label=\"Narrativa Alemana\"><img decoding=\"async\" width=\"500\" height=\"500\" src=\"https:\/\/www.usc-dolorssabate.es\/wp-content\/uploads\/2019\/05\/narrativa.png\" alt class=\"img-responsive wp-image-427\" srcset=\"https:\/\/www.usc-dolorssabate.es\/wp-content\/uploads\/2019\/05\/narrativa-200x200.png 200w, https:\/\/www.usc-dolorssabate.es\/wp-content\/uploads\/2019\/05\/narrativa-400x400.png 400w, https:\/\/www.usc-dolorssabate.es\/wp-content\/uploads\/2019\/05\/narrativa.png 500w\" sizes=\"(max-width: 800px) 100vw, 500px\" \/><\/a><\/span><\/div><\/div><\/div><div class=\"fusion-clearfix\"><\/div><\/div><\/div><div class=\"fusion-layout-column fusion_builder_column fusion-builder-column-1 fusion_builder_column_1_2 1_2 fusion-one-half fusion-column-last\" style=\"--awb-bg-size:cover;--awb-margin-top:80px;width:50%;width:calc(50% - ( ( 4% ) * 0.5 ) );\" data-scroll-devices=\"small-visibility,medium-visibility,large-visibility\"><div class=\"fusion-column-wrapper fusion-column-has-shadow fusion-flex-column-wrapper-legacy\"><div class=\"fusion-column-content-centered\"><div class=\"fusion-column-content\"><div class=\"fusion-text fusion-text-1\"><h2><strong><span style=\"color: #28a9c9;\">Narrativa alemana de los siglos XIX y XX.<\/span><\/strong><\/h2>\n<p style=\"text-align: justify;\">Die Monographie setzt sich kritisch mit den historisch-kulturellen Annahmen eines jeden Jahrhunderts auseinander und konzentriert sich dann auf die Hauptautoren und Werke der Epochen, die angesprochen werden. Eine Auswahl von Texten, ein nominaler Index, ein Glossar, eine Chronologie und eine aktualisierte Bibliographie vervollst\u00e4ndigen die Studie. Sowohl der Auswahlprozess als auch die Methodik spiegeln eine Arbeit wider, die gem\u00e4\u00df dem Erz\u00e4hlkanon ausgef\u00fchrt wurde und mit der Erz\u00e4hlung der Romantik beginnt und mit der deutschen Wiedervereinigung endet.<\/p>\n<p>Rezension in <a href=\"https:\/\/revistas.ucm.es\/index.php\/RFAL\/article\/view\/RFAL0606110173A\/33389\">Revista de Filolog\u00eda Alemana (2006)<\/a><\/p>\n<\/div><\/div><\/div><div class=\"fusion-clearfix\"><\/div><\/div><\/div><\/div><\/div>\n","protected":false},"excerpt":{"rendered":"<p>Sabat\u00e9 Planes, Dolors; Hern\u00e1ndez Isabel. S\u00edntesis, Madrid 2005.<\/p>\n","protected":false},"author":1,"featured_media":250,"comment_status":"closed","ping_status":"closed","sticky":false,"template":"","format":"standard","meta":{"footnotes":""},"categories":[8],"tags":[],"class_list":["post-733","post","type-post","status-publish","format-standard","has-post-thumbnail","hentry","category-sin-categoria-de"],"_links":{"self":[{"href":"https:\/\/www.usc-dolorssabate.es\/index.php\/wp-json\/wp\/v2\/posts\/733","targetHints":{"allow":["GET"]}}],"collection":[{"href":"https:\/\/www.usc-dolorssabate.es\/index.php\/wp-json\/wp\/v2\/posts"}],"about":[{"href":"https:\/\/www.usc-dolorssabate.es\/index.php\/wp-json\/wp\/v2\/types\/post"}],"author":[{"embeddable":true,"href":"https:\/\/www.usc-dolorssabate.es\/index.php\/wp-json\/wp\/v2\/users\/1"}],"replies":[{"embeddable":true,"href":"https:\/\/www.usc-dolorssabate.es\/index.php\/wp-json\/wp\/v2\/comments?post=733"}],"version-history":[{"count":4,"href":"https:\/\/www.usc-dolorssabate.es\/index.php\/wp-json\/wp\/v2\/posts\/733\/revisions"}],"predecessor-version":[{"id":1289,"href":"https:\/\/www.usc-dolorssabate.es\/index.php\/wp-json\/wp\/v2\/posts\/733\/revisions\/1289"}],"wp:featuredmedia":[{"embeddable":true,"href":"https:\/\/www.usc-dolorssabate.es\/index.php\/wp-json\/wp\/v2\/media\/250"}],"wp:attachment":[{"href":"https:\/\/www.usc-dolorssabate.es\/index.php\/wp-json\/wp\/v2\/media?parent=733"}],"wp:term":[{"taxonomy":"category","embeddable":true,"href":"https:\/\/www.usc-dolorssabate.es\/index.php\/wp-json\/wp\/v2\/categories?post=733"},{"taxonomy":"post_tag","embeddable":true,"href":"https:\/\/www.usc-dolorssabate.es\/index.php\/wp-json\/wp\/v2\/tags?post=733"}],"curies":[{"name":"wp","href":"https:\/\/api.w.org\/{rel}","templated":true}]}}